{"id":33844,"date":"2025-04-06T20:12:40","date_gmt":"2025-04-06T18:12:40","guid":{"rendered":"https:\/\/www.karatecham.ch\/shotokan_karate_schule_cham_zug\/?p=33844"},"modified":"2025-04-06T20:12:40","modified_gmt":"2025-04-06T18:12:40","slug":"jks-verbandsturnier-2025","status":"publish","type":"post","link":"https:\/\/www.karatecham.ch\/shotokan_karate_schule_cham_zug\/jks-verbandsturnier-2025\/","title":{"rendered":"JKS Verbandsturnier 2025"},"content":{"rendered":"<p><div class=\"fusion-fullwidth fullwidth-box fusion-builder-row-1 fusion-flex-container has-pattern-background has-mask-background nonhundred-percent-fullwidth non-hundred-percent-height-scrolling\" style=\"--awb-border-radius-top-left:0px;--awb-border-radius-top-right:0px;--awb-border-radius-bottom-right:0px;--awb-border-radius-bottom-left:0px;--awb-flex-wrap:wrap;\" ><div class=\"fusion-builder-row fusion-row fusion-flex-align-items-flex-start fusion-flex-content-wrap\" style=\"max-width:1248px;margin-left: calc(-4% \/ 2 );margin-right: calc(-4% \/ 2 );\"><div class=\"fusion-layout-column fusion_builder_column fusion-builder-column-0 fusion_builder_column_1_1 1_1 fusion-flex-column\" style=\"--awb-bg-size:cover;--awb-width-large:100%;--awb-margin-top-large:0px;--awb-spacing-right-large:1.92%;--awb-margin-bottom-large:20px;--awb-spacing-left-large:1.92%;--awb-width-medium:100%;--awb-order-medium:0;--awb-spacing-right-medium:1.92%;--awb-spacing-left-medium:1.92%;--awb-width-small:100%;--awb-order-small:0;--awb-spacing-right-small:1.92%;--awb-spacing-left-small:1.92%;\"><div class=\"fusion-column-wrapper fusion-column-has-shadow fusion-flex-justify-content-flex-start fusion-content-layout-column\"><div class=\"fusion-text fusion-text-1\"><p class=\"\" data-start=\"226\" data-end=\"290\"><strong data-start=\"226\" data-end=\"290\">Erfolgreiche Teilnahme am JKS Verbandsturnier 2025 in Toffen<\/strong><\/p>\n<p class=\"\" data-start=\"292\" data-end=\"561\">Am Sonntag, dem 30. M\u00e4rz 2025 fand die JKS-Verbandsmeisterschaft in Toffen statt. Unser Dojo pr\u00e4sentierte sich in absoluter H\u00f6chstform und sicherte sich mit beeindruckenden Leistungen den <strong data-start=\"524\" data-end=\"560\">ersten Platz im Medaillenspiegel<\/strong>!<\/p>\n<p class=\"\" data-start=\"563\" data-end=\"843\">Mit insgesamt <strong data-start=\"577\" data-end=\"593\">26 Medaillen<\/strong> \u2013 davon <strong data-start=\"602\" data-end=\"646\">9 Gold-, 8 Silber- und 9 Bronzemedaillen<\/strong> \u2013 f\u00fchrten unsere Athletinnen und Athleten die Rangliste souver\u00e4n vor der <strong data-start=\"720\" data-end=\"780\">Koubukan Karateschule Sumiswald &amp; Langnau (24 Medaillen)<\/strong> und der <strong data-start=\"789\" data-end=\"839\">Karateschule Shozankan Willisau (14 Medaillen)<\/strong> an.<\/p>\n<p class=\"\" data-start=\"845\" data-end=\"918\">Besonders hervorzuheben sind die <strong data-start=\"878\" data-end=\"913\">herausragenden Einzelleistungen<\/strong> von:<\/p>\n<ul data-start=\"920\" data-end=\"1365\">\n<li class=\"\" data-start=\"920\" data-end=\"975\">\n<p class=\"\" data-start=\"922\" data-end=\"975\"><strong data-start=\"922\" data-end=\"940\">Nadir Affinito<\/strong> (Kata 40+ \/ Kumite 40+ \/ Teamkata)<\/p>\n<\/li>\n<li class=\"\" data-start=\"976\" data-end=\"1021\">\n<p class=\"\" data-start=\"978\" data-end=\"1021\"><strong data-start=\"978\" data-end=\"995\">Sofia De Riso<\/strong> (Kata Jugend II Gruppe 1)<\/p>\n<\/li>\n<li class=\"\" data-start=\"1022\" data-end=\"1074\">\n<p class=\"\" data-start=\"1024\" data-end=\"1074\"><strong data-start=\"1024\" data-end=\"1040\">Sara De Riso<\/strong> (Kata Jugend I \/ Kumite Jugend I)<\/p>\n<\/li>\n<li class=\"\" data-start=\"1075\" data-end=\"1152\">\n<p class=\"\" data-start=\"1077\" data-end=\"1152\"><strong data-start=\"1077\" data-end=\"1098\">Domenico Di Maulo<\/strong> (Kata Jugend II Gruppe 3 \/ Kumite Jugend II Gruppe 3)<\/p>\n<\/li>\n<li class=\"\" data-start=\"1153\" data-end=\"1216\">\n<p class=\"\" data-start=\"1155\" data-end=\"1216\"><strong data-start=\"1155\" data-end=\"1182\">Lawrence Wermelskirchen<\/strong> (Kata Junioren \/ Kumite Junioren)<\/p>\n<\/li>\n<li class=\"\" data-start=\"1217\" data-end=\"1264\">\n<p class=\"\" data-start=\"1219\" data-end=\"1264\"><strong data-start=\"1219\" data-end=\"1244\">Oksana Wermelskirchen<\/strong> (Kumite 40+ Frauen)<\/p>\n<\/li>\n<li class=\"\" data-start=\"1265\" data-end=\"1320\">\n<p class=\"\" data-start=\"1267\" data-end=\"1320\"><strong data-start=\"1267\" data-end=\"1285\">Artyom Kulagin<\/strong> (Kata 40+ \/ Kumite 40+ \/ Teamkata)<\/p>\n<\/li>\n<li class=\"\" data-start=\"1321\" data-end=\"1365\">\n<p class=\"\" data-start=\"1323\" data-end=\"1365\"><strong data-start=\"1323\" data-end=\"1337\">Till Moser<\/strong> (Kumite Jugend II Gruppe 3)<\/p>\n<\/li>\n<\/ul>\n<p class=\"\" data-start=\"1367\" data-end=\"1554\">Zus\u00e4tzlich gl\u00e4nzte das Team mit einem <strong data-start=\"1405\" data-end=\"1441\">weiteren Gold-Erfolg im Teamkata<\/strong> (Kategorie II \u2013 Junioren, Elite und Senioren gemischt) durch <strong data-start=\"1503\" data-end=\"1553\">Nadir Affinito, Artyom Kulagin und Martin Jans<\/strong>.<\/p>\n<p class=\"\" data-start=\"1556\" data-end=\"1774\">Wir sind sehr stolz auf die gezeigten Leistungen aller Teilnehmerinnen und Teilnehmer und danken herzlich unseren engagierten Trainerinnen und Trainern, Eltern sowie allen Unterst\u00fctzern f\u00fcr ihren unerm\u00fcdlichen Einsatz.<\/p>\n<p class=\"\" data-start=\"1776\" data-end=\"1903\"><strong data-start=\"1776\" data-end=\"1834\">Herzliche Gratulation an alle Athletinnen und Athleten<\/strong> \u2013 eure harte Arbeit und euer Engagement haben sich mehr als gelohnt!<\/p>\n<p><strong>Resultate:<\/strong><br \/>\n<a href=\"https:\/\/www.sportdata.org\/karate\/set-online\/popup_main.php?popup_action=results&amp;vernr=8968&amp;active_menu=calendar\">https:\/\/www.sportdata.org\/karate\/set-online\/popup_main.php?popup_action=results&amp;vernr=8968&amp;active_menu=calendar<\/a><\/p>\n<p><strong>Medaillenspiegel:<\/strong><br \/>\n<a href=\"https:\/\/www.sportdata.org\/karate\/set-online\/popup_main.php?popup_action=medals&amp;vernr=8968&amp;active_menu=calendar\">https:\/\/www.sportdata.org\/karate\/set-online\/popup_main.php?popup_action=medals&amp;vernr=8968&amp;active_menu=calendar<\/a><\/p>\n<\/div><\/div><\/div><\/div><\/div><div class=\"fusion-fullwidth fullwidth-box fusion-builder-row-2 fusion-flex-container has-pattern-background has-mask-background nonhundred-percent-fullwidth non-hundred-percent-height-scrolling\" style=\"--awb-border-radius-top-left:0px;--awb-border-radius-top-right:0px;--awb-border-radius-bottom-right:0px;--awb-border-radius-bottom-left:0px;--awb-flex-wrap:wrap;\" ><div class=\"fusion-builder-row fusion-row fusion-flex-align-items-flex-start fusion-flex-content-wrap\" style=\"max-width:1248px;margin-left: calc(-4% \/ 2 );margin-right: calc(-4% \/ 2 );\"><div class=\"fusion-layout-column fusion_builder_column fusion-builder-column-1 fusion_builder_column_1_1 1_1 fusion-flex-column\" style=\"--awb-bg-size:cover;--awb-width-large:100%;--awb-margin-top-large:0px;--awb-spacing-right-large:1.92%;--awb-margin-bottom-large:20px;--awb-spacing-left-large:1.92%;--awb-width-medium:100%;--awb-order-medium:0;--awb-spacing-right-medium:1.92%;--awb-spacing-left-medium:1.92%;--awb-width-small:100%;--awb-order-small:0;--awb-spacing-right-small:1.92%;--awb-spacing-left-small:1.92%;\"><div class=\"fusion-column-wrapper fusion-column-has-shadow fusion-flex-justify-content-flex-start fusion-content-layout-column\"><div class=\"awb-gallery-wrapper awb-gallery-wrapper-1 button-span-no\" style=\"--more-btn-alignment:center;\"><div style=\"margin:-5px;--awb-bordersize:0px;\" class=\"fusion-gallery fusion-gallery-container fusion-grid-3 fusion-columns-total-19 fusion-gallery-layout-grid fusion-gallery-1\"><div style=\"padding:5px;\" class=\"fusion-grid-column fusion-gallery-column fusion-gallery-column-3 hover-type-none\"><div class=\"fusion-gallery-image\"><a href=\"https:\/\/www.karatecham.ch\/shotokan_karate_schule_cham_zug\/wp-content\/uploads\/2025\/04\/JKS-Verbandsmeisterschaft-2025-20-von-20.jpg\" rel=\"noreferrer\" data-rel=\"iLightbox[gallery_image_1]\" class=\"fusion-lightbox\" target=\"_self\"><img decoding=\"async\" src=\"https:\/\/www.karatecham.ch\/shotokan_karate_schule_cham_zug\/wp-content\/uploads\/2025\/04\/JKS-Verbandsmeisterschaft-2025-20-von-20.jpg\" data-orig-src=\"https:\/\/www.karatecham.ch\/shotokan_karate_schule_cham_zug\/wp-content\/uploads\/2025\/04\/JKS-Verbandsmeisterschaft-2025-20-von-20.jpg\" width=\"800\" height=\"600\" alt=\"\" title=\"JKS Verbandsmeisterschaft 2025 (20 von 20)\" aria-label=\"JKS Verbandsmeisterschaft 2025 (20 von 20)\" class=\"lazyload img-responsive wp-image-33864\" srcset=\"data:image\/svg+xml,%3Csvg%20xmlns%3D%27http%3A%2F%2Fwww.w3.org%2F2000%2Fsvg%27%20width%3D%27800%27%20height%3D%27600%27%20viewBox%3D%270%200%20800%20600%27%3E%3Crect%20width%3D%27800%27%20height%3D%27600%27%20fill-opacity%3D%220%22%2F%3E%3C%2Fsvg%3E\" data-srcset=\"https:\/\/www.karatecham.ch\/shotokan_karate_schule_cham_zug\/wp-content\/uploads\/2025\/04\/JKS-Verbandsmeisterschaft-2025-20-von-20-200x150.jpg 200w, https:\/\/www.karatecham.ch\/shotokan_karate_schule_cham_zug\/wp-content\/uploads\/2025\/04\/JKS-Verbandsmeisterschaft-2025-20-von-20-400x300.jpg 400w, https:\/\/www.karatecham.ch\/shotokan_karate_schule_cham_zug\/wp-content\/uploads\/2025\/04\/JKS-Verbandsmeisterschaft-2025-20-von-20-600x450.jpg 600w, https:\/\/www.karatecham.ch\/shotokan_karate_schule_cham_zug\/wp-content\/uploads\/2025\/04\/JKS-Verbandsmeisterschaft-2025-20-von-20.jpg 800w\" data-sizes=\"auto\" data-orig-sizes=\"(min-width: 2200px) 100vw, (min-width: 824px) 397px, (min-width: 732px) 595px, (min-width: 640px) 732px, \" \/><\/a><\/div><\/div><div style=\"padding:5px;\" class=\"fusion-grid-column fusion-gallery-column fusion-gallery-column-3 hover-type-none\"><div class=\"fusion-gallery-image\"><a href=\"https:\/\/www.karatecham.ch\/shotokan_karate_schule_cham_zug\/wp-content\/uploads\/2025\/04\/JKS-Verbandsmeisterschaft-2025-19-von-20.jpg\" rel=\"noreferrer\" data-rel=\"iLightbox[gallery_image_1]\" class=\"fusion-lightbox\" target=\"_self\"><img decoding=\"async\" src=\"https:\/\/www.karatecham.ch\/shotokan_karate_schule_cham_zug\/wp-content\/uploads\/2025\/04\/JKS-Verbandsmeisterschaft-2025-19-von-20.jpg\" data-orig-src=\"https:\/\/www.karatecham.ch\/shotokan_karate_schule_cham_zug\/wp-content\/uploads\/2025\/04\/JKS-Verbandsmeisterschaft-2025-19-von-20.jpg\" width=\"800\" height=\"600\" alt=\"\" title=\"JKS Verbandsmeisterschaft 2025 (19 von 20)\" aria-label=\"JKS Verbandsmeisterschaft 2025 (19 von 20)\" class=\"lazyload img-responsive wp-image-33863\" srcset=\"data:image\/svg+xml,%3Csvg%20xmlns%3D%27http%3A%2F%2Fwww.w3.org%2F2000%2Fsvg%27%20width%3D%27800%27%20height%3D%27600%27%20viewBox%3D%270%200%20800%20600%27%3E%3Crect%20width%3D%27800%27%20height%3D%27600%27%20fill-opacity%3D%220%22%2F%3E%3C%2Fsvg%3E\" data-srcset=\"https:\/\/www.karatecham.ch\/shotokan_karate_schule_cham_zug\/wp-content\/uploads\/2025\/04\/JKS-Verbandsmeisterschaft-2025-19-von-20-200x150.jpg 200w, https:\/\/www.karatecham.ch\/shotokan_karate_schule_cham_zug\/wp-content\/uploads\/2025\/04\/JKS-Verbandsmeisterschaft-2025-19-von-20-400x300.jpg 400w, https:\/\/www.karatecham.ch\/shotokan_karate_schule_cham_zug\/wp-content\/uploads\/2025\/04\/JKS-Verbandsmeisterschaft-2025-19-von-20-600x450.jpg 600w, https:\/\/www.karatecham.ch\/shotokan_karate_schule_cham_zug\/wp-content\/uploads\/2025\/04\/JKS-Verbandsmeisterschaft-2025-19-von-20.jpg 800w\" data-sizes=\"auto\" data-orig-sizes=\"(min-width: 2200px) 100vw, (min-width: 824px) 397px, (min-width: 732px) 595px, (min-width: 640px) 732px, \" \/><\/a><\/div><\/div><div style=\"padding:5px;\" class=\"fusion-grid-column fusion-gallery-column fusion-gallery-column-3 hover-type-none\"><div class=\"fusion-gallery-image\"><a href=\"https:\/\/www.karatecham.ch\/shotokan_karate_schule_cham_zug\/wp-content\/uploads\/2025\/04\/JKS-Verbandsmeisterschaft-2025-18-von-20.jpg\" rel=\"noreferrer\" data-rel=\"iLightbox[gallery_image_1]\" class=\"fusion-lightbox\" target=\"_self\"><img decoding=\"async\" src=\"https:\/\/www.karatecham.ch\/shotokan_karate_schule_cham_zug\/wp-content\/uploads\/2025\/04\/JKS-Verbandsmeisterschaft-2025-18-von-20.jpg\" data-orig-src=\"https:\/\/www.karatecham.ch\/shotokan_karate_schule_cham_zug\/wp-content\/uploads\/2025\/04\/JKS-Verbandsmeisterschaft-2025-18-von-20.jpg\" width=\"800\" height=\"600\" alt=\"\" title=\"JKS Verbandsmeisterschaft 2025 (18 von 20)\" aria-label=\"JKS Verbandsmeisterschaft 2025 (18 von 20)\" class=\"lazyload img-responsive wp-image-33862\" srcset=\"data:image\/svg+xml,%3Csvg%20xmlns%3D%27http%3A%2F%2Fwww.w3.org%2F2000%2Fsvg%27%20width%3D%27800%27%20height%3D%27600%27%20viewBox%3D%270%200%20800%20600%27%3E%3Crect%20width%3D%27800%27%20height%3D%27600%27%20fill-opacity%3D%220%22%2F%3E%3C%2Fsvg%3E\" data-srcset=\"https:\/\/www.karatecham.ch\/shotokan_karate_schule_cham_zug\/wp-content\/uploads\/2025\/04\/JKS-Verbandsmeisterschaft-2025-18-von-20-200x150.jpg 200w, https:\/\/www.karatecham.ch\/shotokan_karate_schule_cham_zug\/wp-content\/uploads\/2025\/04\/JKS-Verbandsmeisterschaft-2025-18-von-20-400x300.jpg 400w, https:\/\/www.karatecham.ch\/shotokan_karate_schule_cham_zug\/wp-content\/uploads\/2025\/04\/JKS-Verbandsmeisterschaft-2025-18-von-20-600x450.jpg 600w, https:\/\/www.karatecham.ch\/shotokan_karate_schule_cham_zug\/wp-content\/uploads\/2025\/04\/JKS-Verbandsmeisterschaft-2025-18-von-20.jpg 800w\" data-sizes=\"auto\" data-orig-sizes=\"(min-width: 2200px) 100vw, (min-width: 824px) 397px, (min-width: 732px) 595px, (min-width: 640px) 732px, \" \/><\/a><\/div><\/div><div class=\"clearfix\"><\/div><div style=\"padding:5px;\" class=\"fusion-grid-column fusion-gallery-column fusion-gallery-column-3 hover-type-none\"><div class=\"fusion-gallery-image\"><a href=\"https:\/\/www.karatecham.ch\/shotokan_karate_schule_cham_zug\/wp-content\/uploads\/2025\/04\/JKS-Verbandsmeisterschaft-2025-17-von-20.jpg\" rel=\"noreferrer\" data-rel=\"iLightbox[gallery_image_1]\" class=\"fusion-lightbox\" target=\"_self\"><img decoding=\"async\" src=\"https:\/\/www.karatecham.ch\/shotokan_karate_schule_cham_zug\/wp-content\/uploads\/2025\/04\/JKS-Verbandsmeisterschaft-2025-17-von-20.jpg\" data-orig-src=\"https:\/\/www.karatecham.ch\/shotokan_karate_schule_cham_zug\/wp-content\/uploads\/2025\/04\/JKS-Verbandsmeisterschaft-2025-17-von-20.jpg\" width=\"800\" height=\"600\" alt=\"\" title=\"JKS Verbandsmeisterschaft 2025 (17 von 20)\" aria-label=\"JKS Verbandsmeisterschaft 2025 (17 von 20)\" class=\"lazyload img-responsive wp-image-33861\" srcset=\"data:image\/svg+xml,%3Csvg%20xmlns%3D%27http%3A%2F%2Fwww.w3.org%2F2000%2Fsvg%27%20width%3D%27800%27%20height%3D%27600%27%20viewBox%3D%270%200%20800%20600%27%3E%3Crect%20width%3D%27800%27%20height%3D%27600%27%20fill-opacity%3D%220%22%2F%3E%3C%2Fsvg%3E\" data-srcset=\"https:\/\/www.karatecham.ch\/shotokan_karate_schule_cham_zug\/wp-content\/uploads\/2025\/04\/JKS-Verbandsmeisterschaft-2025-17-von-20-200x150.jpg 200w, https:\/\/www.karatecham.ch\/shotokan_karate_schule_cham_zug\/wp-content\/uploads\/2025\/04\/JKS-Verbandsmeisterschaft-2025-17-von-20-400x300.jpg 400w, https:\/\/www.karatecham.ch\/shotokan_karate_schule_cham_zug\/wp-content\/uploads\/2025\/04\/JKS-Verbandsmeisterschaft-2025-17-von-20-600x450.jpg 600w, https:\/\/www.karatecham.ch\/shotokan_karate_schule_cham_zug\/wp-content\/uploads\/2025\/04\/JKS-Verbandsmeisterschaft-2025-17-von-20.jpg 800w\" data-sizes=\"auto\" data-orig-sizes=\"(min-width: 2200px) 100vw, (min-width: 824px) 397px, (min-width: 732px) 595px, (min-width: 640px) 732px, \" \/><\/a><\/div><\/div><div style=\"padding:5px;\" class=\"fusion-grid-column fusion-gallery-column fusion-gallery-column-3 hover-type-none\"><div class=\"fusion-gallery-image\"><a href=\"https:\/\/www.karatecham.ch\/shotokan_karate_schule_cham_zug\/wp-content\/uploads\/2025\/04\/JKS-Verbandsmeisterschaft-2025-15-von-20.jpg\" rel=\"noreferrer\" data-rel=\"iLightbox[gallery_image_1]\" class=\"fusion-lightbox\" target=\"_self\"><img decoding=\"async\" src=\"https:\/\/www.karatecham.ch\/shotokan_karate_schule_cham_zug\/wp-content\/uploads\/2025\/04\/JKS-Verbandsmeisterschaft-2025-15-von-20.jpg\" data-orig-src=\"https:\/\/www.karatecham.ch\/shotokan_karate_schule_cham_zug\/wp-content\/uploads\/2025\/04\/JKS-Verbandsmeisterschaft-2025-15-von-20.jpg\" width=\"800\" height=\"600\" alt=\"\" title=\"JKS Verbandsmeisterschaft 2025 (15 von 20)\" aria-label=\"JKS Verbandsmeisterschaft 2025 (15 von 20)\" class=\"lazyload img-responsive wp-image-33859\" srcset=\"data:image\/svg+xml,%3Csvg%20xmlns%3D%27http%3A%2F%2Fwww.w3.org%2F2000%2Fsvg%27%20width%3D%27800%27%20height%3D%27600%27%20viewBox%3D%270%200%20800%20600%27%3E%3Crect%20width%3D%27800%27%20height%3D%27600%27%20fill-opacity%3D%220%22%2F%3E%3C%2Fsvg%3E\" data-srcset=\"https:\/\/www.karatecham.ch\/shotokan_karate_schule_cham_zug\/wp-content\/uploads\/2025\/04\/JKS-Verbandsmeisterschaft-2025-15-von-20-200x150.jpg 200w, https:\/\/www.karatecham.ch\/shotokan_karate_schule_cham_zug\/wp-content\/uploads\/2025\/04\/JKS-Verbandsmeisterschaft-2025-15-von-20-400x300.jpg 400w, https:\/\/www.karatecham.ch\/shotokan_karate_schule_cham_zug\/wp-content\/uploads\/2025\/04\/JKS-Verbandsmeisterschaft-2025-15-von-20-600x450.jpg 600w, https:\/\/www.karatecham.ch\/shotokan_karate_schule_cham_zug\/wp-content\/uploads\/2025\/04\/JKS-Verbandsmeisterschaft-2025-15-von-20.jpg 800w\" data-sizes=\"auto\" data-orig-sizes=\"(min-width: 2200px) 100vw, (min-width: 824px) 397px, (min-width: 732px) 595px, (min-width: 640px) 732px, \" \/><\/a><\/div><\/div><div style=\"padding:5px;\" class=\"fusion-grid-column fusion-gallery-column fusion-gallery-column-3 hover-type-none\"><div class=\"fusion-gallery-image\"><a href=\"https:\/\/www.karatecham.ch\/shotokan_karate_schule_cham_zug\/wp-content\/uploads\/2025\/04\/JKS-Verbandsmeisterschaft-2025-14-von-20.jpg\" rel=\"noreferrer\" data-rel=\"iLightbox[gallery_image_1]\" class=\"fusion-lightbox\" target=\"_self\"><img decoding=\"async\" src=\"https:\/\/www.karatecham.ch\/shotokan_karate_schule_cham_zug\/wp-content\/uploads\/2025\/04\/JKS-Verbandsmeisterschaft-2025-14-von-20.jpg\" data-orig-src=\"https:\/\/www.karatecham.ch\/shotokan_karate_schule_cham_zug\/wp-content\/uploads\/2025\/04\/JKS-Verbandsmeisterschaft-2025-14-von-20.jpg\" width=\"800\" height=\"600\" alt=\"\" title=\"JKS Verbandsmeisterschaft 2025 (14 von 20)\" aria-label=\"JKS Verbandsmeisterschaft 2025 (14 von 20)\" class=\"lazyload img-responsive wp-image-33858\" srcset=\"data:image\/svg+xml,%3Csvg%20xmlns%3D%27http%3A%2F%2Fwww.w3.org%2F2000%2Fsvg%27%20width%3D%27800%27%20height%3D%27600%27%20viewBox%3D%270%200%20800%20600%27%3E%3Crect%20width%3D%27800%27%20height%3D%27600%27%20fill-opacity%3D%220%22%2F%3E%3C%2Fsvg%3E\" data-srcset=\"https:\/\/www.karatecham.ch\/shotokan_karate_schule_cham_zug\/wp-content\/uploads\/2025\/04\/JKS-Verbandsmeisterschaft-2025-14-von-20-200x150.jpg 200w, https:\/\/www.karatecham.ch\/shotokan_karate_schule_cham_zug\/wp-content\/uploads\/2025\/04\/JKS-Verbandsmeisterschaft-2025-14-von-20-400x300.jpg 400w, https:\/\/www.karatecham.ch\/shotokan_karate_schule_cham_zug\/wp-content\/uploads\/2025\/04\/JKS-Verbandsmeisterschaft-2025-14-von-20-600x450.jpg 600w, https:\/\/www.karatecham.ch\/shotokan_karate_schule_cham_zug\/wp-content\/uploads\/2025\/04\/JKS-Verbandsmeisterschaft-2025-14-von-20.jpg 800w\" data-sizes=\"auto\" data-orig-sizes=\"(min-width: 2200px) 100vw, (min-width: 824px) 397px, (min-width: 732px) 595px, (min-width: 640px) 732px, \" \/><\/a><\/div><\/div><div class=\"clearfix\"><\/div><div style=\"padding:5px;\" class=\"fusion-grid-column fusion-gallery-column fusion-gallery-column-3 hover-type-none\"><div class=\"fusion-gallery-image\"><a href=\"https:\/\/www.karatecham.ch\/shotokan_karate_schule_cham_zug\/wp-content\/uploads\/2025\/04\/JKS-Verbandsmeisterschaft-2025-13-von-20.jpg\" rel=\"noreferrer\" data-rel=\"iLightbox[gallery_image_1]\" class=\"fusion-lightbox\" target=\"_self\"><img decoding=\"async\" src=\"https:\/\/www.karatecham.ch\/shotokan_karate_schule_cham_zug\/wp-content\/uploads\/2025\/04\/JKS-Verbandsmeisterschaft-2025-13-von-20.jpg\" data-orig-src=\"https:\/\/www.karatecham.ch\/shotokan_karate_schule_cham_zug\/wp-content\/uploads\/2025\/04\/JKS-Verbandsmeisterschaft-2025-13-von-20.jpg\" width=\"800\" height=\"600\" alt=\"\" title=\"JKS Verbandsmeisterschaft 2025 (13 von 20)\" aria-label=\"JKS Verbandsmeisterschaft 2025 (13 von 20)\" class=\"lazyload img-responsive wp-image-33857\" srcset=\"data:image\/svg+xml,%3Csvg%20xmlns%3D%27http%3A%2F%2Fwww.w3.org%2F2000%2Fsvg%27%20width%3D%27800%27%20height%3D%27600%27%20viewBox%3D%270%200%20800%20600%27%3E%3Crect%20width%3D%27800%27%20height%3D%27600%27%20fill-opacity%3D%220%22%2F%3E%3C%2Fsvg%3E\" data-srcset=\"https:\/\/www.karatecham.ch\/shotokan_karate_schule_cham_zug\/wp-content\/uploads\/2025\/04\/JKS-Verbandsmeisterschaft-2025-13-von-20-200x150.jpg 200w, https:\/\/www.karatecham.ch\/shotokan_karate_schule_cham_zug\/wp-content\/uploads\/2025\/04\/JKS-Verbandsmeisterschaft-2025-13-von-20-400x300.jpg 400w, https:\/\/www.karatecham.ch\/shotokan_karate_schule_cham_zug\/wp-content\/uploads\/2025\/04\/JKS-Verbandsmeisterschaft-2025-13-von-20-600x450.jpg 600w, https:\/\/www.karatecham.ch\/shotokan_karate_schule_cham_zug\/wp-content\/uploads\/2025\/04\/JKS-Verbandsmeisterschaft-2025-13-von-20.jpg 800w\" data-sizes=\"auto\" data-orig-sizes=\"(min-width: 2200px) 100vw, (min-width: 824px) 397px, (min-width: 732px) 595px, (min-width: 640px) 732px, \" \/><\/a><\/div><\/div><div style=\"padding:5px;\" class=\"fusion-grid-column fusion-gallery-column fusion-gallery-column-3 hover-type-none\"><div class=\"fusion-gallery-image\"><a href=\"https:\/\/www.karatecham.ch\/shotokan_karate_schule_cham_zug\/wp-content\/uploads\/2025\/04\/JKS-Verbandsmeisterschaft-2025-12-von-20.jpg\" rel=\"noreferrer\" data-rel=\"iLightbox[gallery_image_1]\" class=\"fusion-lightbox\" target=\"_self\"><img decoding=\"async\" src=\"https:\/\/www.karatecham.ch\/shotokan_karate_schule_cham_zug\/wp-content\/uploads\/2025\/04\/JKS-Verbandsmeisterschaft-2025-12-von-20.jpg\" data-orig-src=\"https:\/\/www.karatecham.ch\/shotokan_karate_schule_cham_zug\/wp-content\/uploads\/2025\/04\/JKS-Verbandsmeisterschaft-2025-12-von-20.jpg\" width=\"800\" height=\"600\" alt=\"\" title=\"JKS Verbandsmeisterschaft 2025 (12 von 20)\" aria-label=\"JKS Verbandsmeisterschaft 2025 (12 von 20)\" class=\"lazyload img-responsive wp-image-33856\" srcset=\"data:image\/svg+xml,%3Csvg%20xmlns%3D%27http%3A%2F%2Fwww.w3.org%2F2000%2Fsvg%27%20width%3D%27800%27%20height%3D%27600%27%20viewBox%3D%270%200%20800%20600%27%3E%3Crect%20width%3D%27800%27%20height%3D%27600%27%20fill-opacity%3D%220%22%2F%3E%3C%2Fsvg%3E\" data-srcset=\"https:\/\/www.karatecham.ch\/shotokan_karate_schule_cham_zug\/wp-content\/uploads\/2025\/04\/JKS-Verbandsmeisterschaft-2025-12-von-20-200x150.jpg 200w, https:\/\/www.karatecham.ch\/shotokan_karate_schule_cham_zug\/wp-content\/uploads\/2025\/04\/JKS-Verbandsmeisterschaft-2025-12-von-20-400x300.jpg 400w, https:\/\/www.karatecham.ch\/shotokan_karate_schule_cham_zug\/wp-content\/uploads\/2025\/04\/JKS-Verbandsmeisterschaft-2025-12-von-20-600x450.jpg 600w, https:\/\/www.karatecham.ch\/shotokan_karate_schule_cham_zug\/wp-content\/uploads\/2025\/04\/JKS-Verbandsmeisterschaft-2025-12-von-20.jpg 800w\" data-sizes=\"auto\" data-orig-sizes=\"(min-width: 2200px) 100vw, (min-width: 824px) 397px, (min-width: 732px) 595px, (min-width: 640px) 732px, \" \/><\/a><\/div><\/div><div style=\"padding:5px;\" class=\"fusion-grid-column fusion-gallery-column fusion-gallery-column-3 hover-type-none\"><div class=\"fusion-gallery-image\"><a href=\"https:\/\/www.karatecham.ch\/shotokan_karate_schule_cham_zug\/wp-content\/uploads\/2025\/04\/JKS-Verbandsmeisterschaft-2025-11-von-20.jpg\" rel=\"noreferrer\" data-rel=\"iLightbox[gallery_image_1]\" class=\"fusion-lightbox\" target=\"_self\"><img decoding=\"async\" src=\"https:\/\/www.karatecham.ch\/shotokan_karate_schule_cham_zug\/wp-content\/uploads\/2025\/04\/JKS-Verbandsmeisterschaft-2025-11-von-20.jpg\" data-orig-src=\"https:\/\/www.karatecham.ch\/shotokan_karate_schule_cham_zug\/wp-content\/uploads\/2025\/04\/JKS-Verbandsmeisterschaft-2025-11-von-20.jpg\" width=\"800\" height=\"600\" alt=\"\" title=\"JKS Verbandsmeisterschaft 2025 (11 von 20)\" aria-label=\"JKS Verbandsmeisterschaft 2025 (11 von 20)\" class=\"lazyload img-responsive wp-image-33855\" srcset=\"data:image\/svg+xml,%3Csvg%20xmlns%3D%27http%3A%2F%2Fwww.w3.org%2F2000%2Fsvg%27%20width%3D%27800%27%20height%3D%27600%27%20viewBox%3D%270%200%20800%20600%27%3E%3Crect%20width%3D%27800%27%20height%3D%27600%27%20fill-opacity%3D%220%22%2F%3E%3C%2Fsvg%3E\" data-srcset=\"https:\/\/www.karatecham.ch\/shotokan_karate_schule_cham_zug\/wp-content\/uploads\/2025\/04\/JKS-Verbandsmeisterschaft-2025-11-von-20-200x150.jpg 200w, https:\/\/www.karatecham.ch\/shotokan_karate_schule_cham_zug\/wp-content\/uploads\/2025\/04\/JKS-Verbandsmeisterschaft-2025-11-von-20-400x300.jpg 400w, https:\/\/www.karatecham.ch\/shotokan_karate_schule_cham_zug\/wp-content\/uploads\/2025\/04\/JKS-Verbandsmeisterschaft-2025-11-von-20-600x450.jpg 600w, https:\/\/www.karatecham.ch\/shotokan_karate_schule_cham_zug\/wp-content\/uploads\/2025\/04\/JKS-Verbandsmeisterschaft-2025-11-von-20.jpg 800w\" data-sizes=\"auto\" data-orig-sizes=\"(min-width: 2200px) 100vw, (min-width: 824px) 397px, (min-width: 732px) 595px, (min-width: 640px) 732px, \" \/><\/a><\/div><\/div><div class=\"clearfix\"><\/div><div style=\"padding:5px;\" class=\"fusion-grid-column fusion-gallery-column fusion-gallery-column-3 hover-type-none\"><div class=\"fusion-gallery-image\"><a href=\"https:\/\/www.karatecham.ch\/shotokan_karate_schule_cham_zug\/wp-content\/uploads\/2025\/04\/JKS-Verbandsmeisterschaft-2025-10-von-20.jpg\" rel=\"noreferrer\" data-rel=\"iLightbox[gallery_image_1]\" class=\"fusion-lightbox\" target=\"_self\"><img decoding=\"async\" src=\"https:\/\/www.karatecham.ch\/shotokan_karate_schule_cham_zug\/wp-content\/uploads\/2025\/04\/JKS-Verbandsmeisterschaft-2025-10-von-20.jpg\" data-orig-src=\"https:\/\/www.karatecham.ch\/shotokan_karate_schule_cham_zug\/wp-content\/uploads\/2025\/04\/JKS-Verbandsmeisterschaft-2025-10-von-20.jpg\" width=\"800\" height=\"600\" alt=\"\" title=\"JKS Verbandsmeisterschaft 2025 (10 von 20)\" aria-label=\"JKS Verbandsmeisterschaft 2025 (10 von 20)\" class=\"lazyload img-responsive wp-image-33854\" srcset=\"data:image\/svg+xml,%3Csvg%20xmlns%3D%27http%3A%2F%2Fwww.w3.org%2F2000%2Fsvg%27%20width%3D%27800%27%20height%3D%27600%27%20viewBox%3D%270%200%20800%20600%27%3E%3Crect%20width%3D%27800%27%20height%3D%27600%27%20fill-opacity%3D%220%22%2F%3E%3C%2Fsvg%3E\" data-srcset=\"https:\/\/www.karatecham.ch\/shotokan_karate_schule_cham_zug\/wp-content\/uploads\/2025\/04\/JKS-Verbandsmeisterschaft-2025-10-von-20-200x150.jpg 200w, https:\/\/www.karatecham.ch\/shotokan_karate_schule_cham_zug\/wp-content\/uploads\/2025\/04\/JKS-Verbandsmeisterschaft-2025-10-von-20-400x300.jpg 400w, https:\/\/www.karatecham.ch\/shotokan_karate_schule_cham_zug\/wp-content\/uploads\/2025\/04\/JKS-Verbandsmeisterschaft-2025-10-von-20-600x450.jpg 600w, https:\/\/www.karatecham.ch\/shotokan_karate_schule_cham_zug\/wp-content\/uploads\/2025\/04\/JKS-Verbandsmeisterschaft-2025-10-von-20.jpg 800w\" data-sizes=\"auto\" data-orig-sizes=\"(min-width: 2200px) 100vw, (min-width: 824px) 397px, (min-width: 732px) 595px, (min-width: 640px) 732px, \" \/><\/a><\/div><\/div><div style=\"padding:5px;\" class=\"fusion-grid-column fusion-gallery-column fusion-gallery-column-3 hover-type-none\"><div class=\"fusion-gallery-image\"><a href=\"https:\/\/www.karatecham.ch\/shotokan_karate_schule_cham_zug\/wp-content\/uploads\/2025\/04\/JKS-Verbandsmeisterschaft-2025-9-von-20.jpg\" rel=\"noreferrer\" data-rel=\"iLightbox[gallery_image_1]\" class=\"fusion-lightbox\" target=\"_self\"><img decoding=\"async\" src=\"https:\/\/www.karatecham.ch\/shotokan_karate_schule_cham_zug\/wp-content\/uploads\/2025\/04\/JKS-Verbandsmeisterschaft-2025-9-von-20.jpg\" data-orig-src=\"https:\/\/www.karatecham.ch\/shotokan_karate_schule_cham_zug\/wp-content\/uploads\/2025\/04\/JKS-Verbandsmeisterschaft-2025-9-von-20.jpg\" width=\"800\" height=\"600\" alt=\"\" title=\"JKS Verbandsmeisterschaft 2025 (9 von 20)\" aria-label=\"JKS Verbandsmeisterschaft 2025 (9 von 20)\" class=\"lazyload img-responsive wp-image-33853\" srcset=\"data:image\/svg+xml,%3Csvg%20xmlns%3D%27http%3A%2F%2Fwww.w3.org%2F2000%2Fsvg%27%20width%3D%27800%27%20height%3D%27600%27%20viewBox%3D%270%200%20800%20600%27%3E%3Crect%20width%3D%27800%27%20height%3D%27600%27%20fill-opacity%3D%220%22%2F%3E%3C%2Fsvg%3E\" data-srcset=\"https:\/\/www.karatecham.ch\/shotokan_karate_schule_cham_zug\/wp-content\/uploads\/2025\/04\/JKS-Verbandsmeisterschaft-2025-9-von-20-200x150.jpg 200w, https:\/\/www.karatecham.ch\/shotokan_karate_schule_cham_zug\/wp-content\/uploads\/2025\/04\/JKS-Verbandsmeisterschaft-2025-9-von-20-400x300.jpg 400w, https:\/\/www.karatecham.ch\/shotokan_karate_schule_cham_zug\/wp-content\/uploads\/2025\/04\/JKS-Verbandsmeisterschaft-2025-9-von-20-600x450.jpg 600w, https:\/\/www.karatecham.ch\/shotokan_karate_schule_cham_zug\/wp-content\/uploads\/2025\/04\/JKS-Verbandsmeisterschaft-2025-9-von-20.jpg 800w\" data-sizes=\"auto\" data-orig-sizes=\"(min-width: 2200px) 100vw, (min-width: 824px) 397px, (min-width: 732px) 595px, (min-width: 640px) 732px, \" \/><\/a><\/div><\/div><div style=\"padding:5px;\" class=\"fusion-grid-column fusion-gallery-column fusion-gallery-column-3 hover-type-none\"><div class=\"fusion-gallery-image\"><a href=\"https:\/\/www.karatecham.ch\/shotokan_karate_schule_cham_zug\/wp-content\/uploads\/2025\/04\/JKS-Verbandsmeisterschaft-2025-8-von-20.jpg\" rel=\"noreferrer\" data-rel=\"iLightbox[gallery_image_1]\" class=\"fusion-lightbox\" target=\"_self\"><img decoding=\"async\" src=\"https:\/\/www.karatecham.ch\/shotokan_karate_schule_cham_zug\/wp-content\/uploads\/2025\/04\/JKS-Verbandsmeisterschaft-2025-8-von-20.jpg\" data-orig-src=\"https:\/\/www.karatecham.ch\/shotokan_karate_schule_cham_zug\/wp-content\/uploads\/2025\/04\/JKS-Verbandsmeisterschaft-2025-8-von-20.jpg\" width=\"800\" height=\"600\" alt=\"\" title=\"JKS Verbandsmeisterschaft 2025 (8 von 20)\" aria-label=\"JKS Verbandsmeisterschaft 2025 (8 von 20)\" class=\"lazyload img-responsive wp-image-33852\" srcset=\"data:image\/svg+xml,%3Csvg%20xmlns%3D%27http%3A%2F%2Fwww.w3.org%2F2000%2Fsvg%27%20width%3D%27800%27%20height%3D%27600%27%20viewBox%3D%270%200%20800%20600%27%3E%3Crect%20width%3D%27800%27%20height%3D%27600%27%20fill-opacity%3D%220%22%2F%3E%3C%2Fsvg%3E\" data-srcset=\"https:\/\/www.karatecham.ch\/shotokan_karate_schule_cham_zug\/wp-content\/uploads\/2025\/04\/JKS-Verbandsmeisterschaft-2025-8-von-20-200x150.jpg 200w, https:\/\/www.karatecham.ch\/shotokan_karate_schule_cham_zug\/wp-content\/uploads\/2025\/04\/JKS-Verbandsmeisterschaft-2025-8-von-20-400x300.jpg 400w, https:\/\/www.karatecham.ch\/shotokan_karate_schule_cham_zug\/wp-content\/uploads\/2025\/04\/JKS-Verbandsmeisterschaft-2025-8-von-20-600x450.jpg 600w, https:\/\/www.karatecham.ch\/shotokan_karate_schule_cham_zug\/wp-content\/uploads\/2025\/04\/JKS-Verbandsmeisterschaft-2025-8-von-20.jpg 800w\" data-sizes=\"auto\" data-orig-sizes=\"(min-width: 2200px) 100vw, (min-width: 824px) 397px, (min-width: 732px) 595px, (min-width: 640px) 732px, \" \/><\/a><\/div><\/div><div class=\"clearfix\"><\/div><div style=\"padding:5px;\" class=\"fusion-grid-column fusion-gallery-column fusion-gallery-column-3 hover-type-none\"><div class=\"fusion-gallery-image\"><a href=\"https:\/\/www.karatecham.ch\/shotokan_karate_schule_cham_zug\/wp-content\/uploads\/2025\/04\/JKS-Verbandsmeisterschaft-2025-7-von-20.jpg\" rel=\"noreferrer\" data-rel=\"iLightbox[gallery_image_1]\" class=\"fusion-lightbox\" target=\"_self\"><img decoding=\"async\" src=\"https:\/\/www.karatecham.ch\/shotokan_karate_schule_cham_zug\/wp-content\/uploads\/2025\/04\/JKS-Verbandsmeisterschaft-2025-7-von-20.jpg\" data-orig-src=\"https:\/\/www.karatecham.ch\/shotokan_karate_schule_cham_zug\/wp-content\/uploads\/2025\/04\/JKS-Verbandsmeisterschaft-2025-7-von-20.jpg\" width=\"800\" height=\"600\" alt=\"\" title=\"JKS Verbandsmeisterschaft 2025 (7 von 20)\" aria-label=\"JKS Verbandsmeisterschaft 2025 (7 von 20)\" class=\"lazyload img-responsive wp-image-33851\" srcset=\"data:image\/svg+xml,%3Csvg%20xmlns%3D%27http%3A%2F%2Fwww.w3.org%2F2000%2Fsvg%27%20width%3D%27800%27%20height%3D%27600%27%20viewBox%3D%270%200%20800%20600%27%3E%3Crect%20width%3D%27800%27%20height%3D%27600%27%20fill-opacity%3D%220%22%2F%3E%3C%2Fsvg%3E\" data-srcset=\"https:\/\/www.karatecham.ch\/shotokan_karate_schule_cham_zug\/wp-content\/uploads\/2025\/04\/JKS-Verbandsmeisterschaft-2025-7-von-20-200x150.jpg 200w, https:\/\/www.karatecham.ch\/shotokan_karate_schule_cham_zug\/wp-content\/uploads\/2025\/04\/JKS-Verbandsmeisterschaft-2025-7-von-20-400x300.jpg 400w, https:\/\/www.karatecham.ch\/shotokan_karate_schule_cham_zug\/wp-content\/uploads\/2025\/04\/JKS-Verbandsmeisterschaft-2025-7-von-20-600x450.jpg 600w, https:\/\/www.karatecham.ch\/shotokan_karate_schule_cham_zug\/wp-content\/uploads\/2025\/04\/JKS-Verbandsmeisterschaft-2025-7-von-20.jpg 800w\" data-sizes=\"auto\" data-orig-sizes=\"(min-width: 2200px) 100vw, (min-width: 824px) 397px, (min-width: 732px) 595px, (min-width: 640px) 732px, \" \/><\/a><\/div><\/div><div style=\"padding:5px;\" class=\"fusion-grid-column fusion-gallery-column fusion-gallery-column-3 hover-type-none\"><div class=\"fusion-gallery-image\"><a href=\"https:\/\/www.karatecham.ch\/shotokan_karate_schule_cham_zug\/wp-content\/uploads\/2025\/04\/JKS-Verbandsmeisterschaft-2025-6-von-20.jpg\" rel=\"noreferrer\" data-rel=\"iLightbox[gallery_image_1]\" class=\"fusion-lightbox\" target=\"_self\"><img decoding=\"async\" src=\"https:\/\/www.karatecham.ch\/shotokan_karate_schule_cham_zug\/wp-content\/uploads\/2025\/04\/JKS-Verbandsmeisterschaft-2025-6-von-20.jpg\" data-orig-src=\"https:\/\/www.karatecham.ch\/shotokan_karate_schule_cham_zug\/wp-content\/uploads\/2025\/04\/JKS-Verbandsmeisterschaft-2025-6-von-20.jpg\" width=\"800\" height=\"600\" alt=\"\" title=\"JKS Verbandsmeisterschaft 2025 (6 von 20)\" aria-label=\"JKS Verbandsmeisterschaft 2025 (6 von 20)\" class=\"lazyload img-responsive wp-image-33850\" srcset=\"data:image\/svg+xml,%3Csvg%20xmlns%3D%27http%3A%2F%2Fwww.w3.org%2F2000%2Fsvg%27%20width%3D%27800%27%20height%3D%27600%27%20viewBox%3D%270%200%20800%20600%27%3E%3Crect%20width%3D%27800%27%20height%3D%27600%27%20fill-opacity%3D%220%22%2F%3E%3C%2Fsvg%3E\" data-srcset=\"https:\/\/www.karatecham.ch\/shotokan_karate_schule_cham_zug\/wp-content\/uploads\/2025\/04\/JKS-Verbandsmeisterschaft-2025-6-von-20-200x150.jpg 200w, https:\/\/www.karatecham.ch\/shotokan_karate_schule_cham_zug\/wp-content\/uploads\/2025\/04\/JKS-Verbandsmeisterschaft-2025-6-von-20-400x300.jpg 400w, https:\/\/www.karatecham.ch\/shotokan_karate_schule_cham_zug\/wp-content\/uploads\/2025\/04\/JKS-Verbandsmeisterschaft-2025-6-von-20-600x450.jpg 600w, https:\/\/www.karatecham.ch\/shotokan_karate_schule_cham_zug\/wp-content\/uploads\/2025\/04\/JKS-Verbandsmeisterschaft-2025-6-von-20.jpg 800w\" data-sizes=\"auto\" data-orig-sizes=\"(min-width: 2200px) 100vw, (min-width: 824px) 397px, (min-width: 732px) 595px, (min-width: 640px) 732px, \" \/><\/a><\/div><\/div><div style=\"padding:5px;\" class=\"fusion-grid-column fusion-gallery-column fusion-gallery-column-3 hover-type-none\"><div class=\"fusion-gallery-image\"><a href=\"https:\/\/www.karatecham.ch\/shotokan_karate_schule_cham_zug\/wp-content\/uploads\/2025\/04\/JKS-Verbandsmeisterschaft-2025-5-von-20.jpg\" rel=\"noreferrer\" data-rel=\"iLightbox[gallery_image_1]\" class=\"fusion-lightbox\" target=\"_self\"><img decoding=\"async\" src=\"https:\/\/www.karatecham.ch\/shotokan_karate_schule_cham_zug\/wp-content\/uploads\/2025\/04\/JKS-Verbandsmeisterschaft-2025-5-von-20.jpg\" data-orig-src=\"https:\/\/www.karatecham.ch\/shotokan_karate_schule_cham_zug\/wp-content\/uploads\/2025\/04\/JKS-Verbandsmeisterschaft-2025-5-von-20.jpg\" width=\"800\" height=\"600\" alt=\"\" title=\"JKS Verbandsmeisterschaft 2025 (5 von 20)\" aria-label=\"JKS Verbandsmeisterschaft 2025 (5 von 20)\" class=\"lazyload img-responsive wp-image-33849\" srcset=\"data:image\/svg+xml,%3Csvg%20xmlns%3D%27http%3A%2F%2Fwww.w3.org%2F2000%2Fsvg%27%20width%3D%27800%27%20height%3D%27600%27%20viewBox%3D%270%200%20800%20600%27%3E%3Crect%20width%3D%27800%27%20height%3D%27600%27%20fill-opacity%3D%220%22%2F%3E%3C%2Fsvg%3E\" data-srcset=\"https:\/\/www.karatecham.ch\/shotokan_karate_schule_cham_zug\/wp-content\/uploads\/2025\/04\/JKS-Verbandsmeisterschaft-2025-5-von-20-200x150.jpg 200w, https:\/\/www.karatecham.ch\/shotokan_karate_schule_cham_zug\/wp-content\/uploads\/2025\/04\/JKS-Verbandsmeisterschaft-2025-5-von-20-400x300.jpg 400w, https:\/\/www.karatecham.ch\/shotokan_karate_schule_cham_zug\/wp-content\/uploads\/2025\/04\/JKS-Verbandsmeisterschaft-2025-5-von-20-600x450.jpg 600w, https:\/\/www.karatecham.ch\/shotokan_karate_schule_cham_zug\/wp-content\/uploads\/2025\/04\/JKS-Verbandsmeisterschaft-2025-5-von-20.jpg 800w\" data-sizes=\"auto\" data-orig-sizes=\"(min-width: 2200px) 100vw, (min-width: 824px) 397px, (min-width: 732px) 595px, (min-width: 640px) 732px, \" \/><\/a><\/div><\/div><div class=\"clearfix\"><\/div><div style=\"padding:5px;\" class=\"fusion-grid-column fusion-gallery-column fusion-gallery-column-3 hover-type-none\"><div class=\"fusion-gallery-image\"><a href=\"https:\/\/www.karatecham.ch\/shotokan_karate_schule_cham_zug\/wp-content\/uploads\/2025\/04\/JKS-Verbandsmeisterschaft-2025-4-von-20.jpg\" rel=\"noreferrer\" data-rel=\"iLightbox[gallery_image_1]\" class=\"fusion-lightbox\" target=\"_self\"><img decoding=\"async\" src=\"https:\/\/www.karatecham.ch\/shotokan_karate_schule_cham_zug\/wp-content\/uploads\/2025\/04\/JKS-Verbandsmeisterschaft-2025-4-von-20.jpg\" data-orig-src=\"https:\/\/www.karatecham.ch\/shotokan_karate_schule_cham_zug\/wp-content\/uploads\/2025\/04\/JKS-Verbandsmeisterschaft-2025-4-von-20.jpg\" width=\"800\" height=\"600\" alt=\"\" title=\"JKS Verbandsmeisterschaft 2025 (4 von 20)\" aria-label=\"JKS Verbandsmeisterschaft 2025 (4 von 20)\" class=\"lazyload img-responsive wp-image-33848\" srcset=\"data:image\/svg+xml,%3Csvg%20xmlns%3D%27http%3A%2F%2Fwww.w3.org%2F2000%2Fsvg%27%20width%3D%27800%27%20height%3D%27600%27%20viewBox%3D%270%200%20800%20600%27%3E%3Crect%20width%3D%27800%27%20height%3D%27600%27%20fill-opacity%3D%220%22%2F%3E%3C%2Fsvg%3E\" data-srcset=\"https:\/\/www.karatecham.ch\/shotokan_karate_schule_cham_zug\/wp-content\/uploads\/2025\/04\/JKS-Verbandsmeisterschaft-2025-4-von-20-200x150.jpg 200w, https:\/\/www.karatecham.ch\/shotokan_karate_schule_cham_zug\/wp-content\/uploads\/2025\/04\/JKS-Verbandsmeisterschaft-2025-4-von-20-400x300.jpg 400w, https:\/\/www.karatecham.ch\/shotokan_karate_schule_cham_zug\/wp-content\/uploads\/2025\/04\/JKS-Verbandsmeisterschaft-2025-4-von-20-600x450.jpg 600w, https:\/\/www.karatecham.ch\/shotokan_karate_schule_cham_zug\/wp-content\/uploads\/2025\/04\/JKS-Verbandsmeisterschaft-2025-4-von-20.jpg 800w\" data-sizes=\"auto\" data-orig-sizes=\"(min-width: 2200px) 100vw, (min-width: 824px) 397px, (min-width: 732px) 595px, (min-width: 640px) 732px, \" \/><\/a><\/div><\/div><div style=\"padding:5px;\" class=\"fusion-grid-column fusion-gallery-column fusion-gallery-column-3 hover-type-none\"><div class=\"fusion-gallery-image\"><a href=\"https:\/\/www.karatecham.ch\/shotokan_karate_schule_cham_zug\/wp-content\/uploads\/2025\/04\/JKS-Verbandsmeisterschaft-2025-3-von-20.jpg\" rel=\"noreferrer\" data-rel=\"iLightbox[gallery_image_1]\" class=\"fusion-lightbox\" target=\"_self\"><img decoding=\"async\" src=\"https:\/\/www.karatecham.ch\/shotokan_karate_schule_cham_zug\/wp-content\/uploads\/2025\/04\/JKS-Verbandsmeisterschaft-2025-3-von-20.jpg\" data-orig-src=\"https:\/\/www.karatecham.ch\/shotokan_karate_schule_cham_zug\/wp-content\/uploads\/2025\/04\/JKS-Verbandsmeisterschaft-2025-3-von-20.jpg\" width=\"800\" height=\"600\" alt=\"\" title=\"JKS Verbandsmeisterschaft 2025 (3 von 20)\" aria-label=\"JKS Verbandsmeisterschaft 2025 (3 von 20)\" class=\"lazyload img-responsive wp-image-33847\" srcset=\"data:image\/svg+xml,%3Csvg%20xmlns%3D%27http%3A%2F%2Fwww.w3.org%2F2000%2Fsvg%27%20width%3D%27800%27%20height%3D%27600%27%20viewBox%3D%270%200%20800%20600%27%3E%3Crect%20width%3D%27800%27%20height%3D%27600%27%20fill-opacity%3D%220%22%2F%3E%3C%2Fsvg%3E\" data-srcset=\"https:\/\/www.karatecham.ch\/shotokan_karate_schule_cham_zug\/wp-content\/uploads\/2025\/04\/JKS-Verbandsmeisterschaft-2025-3-von-20-200x150.jpg 200w, https:\/\/www.karatecham.ch\/shotokan_karate_schule_cham_zug\/wp-content\/uploads\/2025\/04\/JKS-Verbandsmeisterschaft-2025-3-von-20-400x300.jpg 400w, https:\/\/www.karatecham.ch\/shotokan_karate_schule_cham_zug\/wp-content\/uploads\/2025\/04\/JKS-Verbandsmeisterschaft-2025-3-von-20-600x450.jpg 600w, https:\/\/www.karatecham.ch\/shotokan_karate_schule_cham_zug\/wp-content\/uploads\/2025\/04\/JKS-Verbandsmeisterschaft-2025-3-von-20.jpg 800w\" data-sizes=\"auto\" data-orig-sizes=\"(min-width: 2200px) 100vw, (min-width: 824px) 397px, (min-width: 732px) 595px, (min-width: 640px) 732px, \" \/><\/a><\/div><\/div><div style=\"padding:5px;\" class=\"fusion-grid-column fusion-gallery-column fusion-gallery-column-3 hover-type-none\"><div class=\"fusion-gallery-image\"><a href=\"https:\/\/www.karatecham.ch\/shotokan_karate_schule_cham_zug\/wp-content\/uploads\/2025\/04\/JKS-Verbandsmeisterschaft-2025-2-von-20.jpg\" rel=\"noreferrer\" data-rel=\"iLightbox[gallery_image_1]\" class=\"fusion-lightbox\" target=\"_self\"><img decoding=\"async\" src=\"https:\/\/www.karatecham.ch\/shotokan_karate_schule_cham_zug\/wp-content\/uploads\/2025\/04\/JKS-Verbandsmeisterschaft-2025-2-von-20.jpg\" data-orig-src=\"https:\/\/www.karatecham.ch\/shotokan_karate_schule_cham_zug\/wp-content\/uploads\/2025\/04\/JKS-Verbandsmeisterschaft-2025-2-von-20.jpg\" width=\"800\" height=\"370\" alt=\"\" title=\"JKS Verbandsmeisterschaft 2025 (2 von 20)\" aria-label=\"JKS Verbandsmeisterschaft 2025 (2 von 20)\" class=\"lazyload img-responsive wp-image-33846\" srcset=\"data:image\/svg+xml,%3Csvg%20xmlns%3D%27http%3A%2F%2Fwww.w3.org%2F2000%2Fsvg%27%20width%3D%27800%27%20height%3D%27370%27%20viewBox%3D%270%200%20800%20370%27%3E%3Crect%20width%3D%27800%27%20height%3D%27370%27%20fill-opacity%3D%220%22%2F%3E%3C%2Fsvg%3E\" data-srcset=\"https:\/\/www.karatecham.ch\/shotokan_karate_schule_cham_zug\/wp-content\/uploads\/2025\/04\/JKS-Verbandsmeisterschaft-2025-2-von-20-200x93.jpg 200w, https:\/\/www.karatecham.ch\/shotokan_karate_schule_cham_zug\/wp-content\/uploads\/2025\/04\/JKS-Verbandsmeisterschaft-2025-2-von-20-400x185.jpg 400w, https:\/\/www.karatecham.ch\/shotokan_karate_schule_cham_zug\/wp-content\/uploads\/2025\/04\/JKS-Verbandsmeisterschaft-2025-2-von-20-600x278.jpg 600w, https:\/\/www.karatecham.ch\/shotokan_karate_schule_cham_zug\/wp-content\/uploads\/2025\/04\/JKS-Verbandsmeisterschaft-2025-2-von-20.jpg 800w\" data-sizes=\"auto\" data-orig-sizes=\"(min-width: 2200px) 100vw, (min-width: 824px) 397px, (min-width: 732px) 595px, (min-width: 640px) 732px, \" \/><\/a><\/div><\/div><div class=\"clearfix\"><\/div><div style=\"padding:5px;\" class=\"fusion-grid-column fusion-gallery-column fusion-gallery-column-3 hover-type-none\"><div class=\"fusion-gallery-image\"><a href=\"https:\/\/www.karatecham.ch\/shotokan_karate_schule_cham_zug\/wp-content\/uploads\/2025\/04\/JKS-Verbandsmeisterschaft-2025-1-von-20.jpg\" rel=\"noreferrer\" data-rel=\"iLightbox[gallery_image_1]\" class=\"fusion-lightbox\" target=\"_self\"><img decoding=\"async\" src=\"https:\/\/www.karatecham.ch\/shotokan_karate_schule_cham_zug\/wp-content\/uploads\/2025\/04\/JKS-Verbandsmeisterschaft-2025-1-von-20.jpg\" data-orig-src=\"https:\/\/www.karatecham.ch\/shotokan_karate_schule_cham_zug\/wp-content\/uploads\/2025\/04\/JKS-Verbandsmeisterschaft-2025-1-von-20.jpg\" width=\"800\" height=\"370\" alt=\"\" title=\"JKS Verbandsmeisterschaft 2025 (1 von 20)\" aria-label=\"JKS Verbandsmeisterschaft 2025 (1 von 20)\" class=\"lazyload img-responsive wp-image-33845\" srcset=\"data:image\/svg+xml,%3Csvg%20xmlns%3D%27http%3A%2F%2Fwww.w3.org%2F2000%2Fsvg%27%20width%3D%27800%27%20height%3D%27370%27%20viewBox%3D%270%200%20800%20370%27%3E%3Crect%20width%3D%27800%27%20height%3D%27370%27%20fill-opacity%3D%220%22%2F%3E%3C%2Fsvg%3E\" data-srcset=\"https:\/\/www.karatecham.ch\/shotokan_karate_schule_cham_zug\/wp-content\/uploads\/2025\/04\/JKS-Verbandsmeisterschaft-2025-1-von-20-200x93.jpg 200w, https:\/\/www.karatecham.ch\/shotokan_karate_schule_cham_zug\/wp-content\/uploads\/2025\/04\/JKS-Verbandsmeisterschaft-2025-1-von-20-400x185.jpg 400w, https:\/\/www.karatecham.ch\/shotokan_karate_schule_cham_zug\/wp-content\/uploads\/2025\/04\/JKS-Verbandsmeisterschaft-2025-1-von-20-600x278.jpg 600w, https:\/\/www.karatecham.ch\/shotokan_karate_schule_cham_zug\/wp-content\/uploads\/2025\/04\/JKS-Verbandsmeisterschaft-2025-1-von-20.jpg 800w\" data-sizes=\"auto\" data-orig-sizes=\"(min-width: 2200px) 100vw, (min-width: 824px) 397px, (min-width: 732px) 595px, (min-width: 640px) 732px, \" \/><\/a><\/div><\/div><\/div><\/div><\/div><\/div><\/div><\/div><\/p>\n","protected":false},"excerpt":{"rendered":"","protected":false},"author":2,"featured_media":33868,"comment_status":"open","ping_status":"open","sticky":false,"template":"","format":"standard","meta":{"footnotes":""},"categories":[47],"tags":[139,75,104,48,127,49,96],"class_list":["post-33844","post","type-post","status-publish","format-standard","has-post-thumbnail","hentry","category-turnier","tag-139","tag-jks","tag-jks-switzerland","tag-karateturnier","tag-taiho-bukan","tag-turnier","tag-verbandsturnier"],"_links":{"self":[{"href":"https:\/\/www.karatecham.ch\/shotokan_karate_schule_cham_zug\/wp-json\/wp\/v2\/posts\/33844","targetHints":{"allow":["GET"]}}],"collection":[{"href":"https:\/\/www.karatecham.ch\/shotokan_karate_schule_cham_zug\/wp-json\/wp\/v2\/posts"}],"about":[{"href":"https:\/\/www.karatecham.ch\/shotokan_karate_schule_cham_zug\/wp-json\/wp\/v2\/types\/post"}],"author":[{"embeddable":true,"href":"https:\/\/www.karatecham.ch\/shotokan_karate_schule_cham_zug\/wp-json\/wp\/v2\/users\/2"}],"replies":[{"embeddable":true,"href":"https:\/\/www.karatecham.ch\/shotokan_karate_schule_cham_zug\/wp-json\/wp\/v2\/comments?post=33844"}],"version-history":[{"count":5,"href":"https:\/\/www.karatecham.ch\/shotokan_karate_schule_cham_zug\/wp-json\/wp\/v2\/posts\/33844\/revisions"}],"predecessor-version":[{"id":33881,"href":"https:\/\/www.karatecham.ch\/shotokan_karate_schule_cham_zug\/wp-json\/wp\/v2\/posts\/33844\/revisions\/33881"}],"wp:featuredmedia":[{"embeddable":true,"href":"https:\/\/www.karatecham.ch\/shotokan_karate_schule_cham_zug\/wp-json\/wp\/v2\/media\/33868"}],"wp:attachment":[{"href":"https:\/\/www.karatecham.ch\/shotokan_karate_schule_cham_zug\/wp-json\/wp\/v2\/media?parent=33844"}],"wp:term":[{"taxonomy":"category","embeddable":true,"href":"https:\/\/www.karatecham.ch\/shotokan_karate_schule_cham_zug\/wp-json\/wp\/v2\/categories?post=33844"},{"taxonomy":"post_tag","embeddable":true,"href":"https:\/\/www.karatecham.ch\/shotokan_karate_schule_cham_zug\/wp-json\/wp\/v2\/tags?post=33844"}],"curies":[{"name":"wp","href":"https:\/\/api.w.org\/{rel}","templated":true}]}}