{"id":30106,"date":"2018-11-18T21:34:35","date_gmt":"2018-11-18T21:34:35","guid":{"rendered":"https:\/\/www.karatecham.ch\/shotokan_karate_schule_cham_zug\/?p=30106"},"modified":"2018-11-18T21:34:35","modified_gmt":"2018-11-18T21:34:35","slug":"jks-verbandsturnier-2018","status":"publish","type":"post","link":"https:\/\/www.karatecham.ch\/shotokan_karate_schule_cham_zug\/jks-verbandsturnier-2018\/","title":{"rendered":"JKS Verbandsturnier 2018"},"content":{"rendered":"<p>Das von der Karateschule R\u00fcthi organisierte diesj\u00e4hrige JKS Verbandsturnier war ein voller Erfolg. Die Wettk\u00e4mpfe in der Turnhalle Zil in Sennwald (SG) in der Kategorien Kata, Team-Kata und Kumite waren auf einem sehr guten Niveau und spannend f\u00fcr alle Zuschauer. F\u00fcr die TAIHO-BUKAN Karateschule haben Filip Gasztych (Kat. 1) zwei Medaillen, Ema Grbavac (Kat.1) eine Medaille und Lynn Schwerzmann (Kat. 2) zwei Medaillen geholt. Eine \u00dcberraschung war Simon Klein. Simon hat das Team Sumiswald 1 unterst\u00fctzt und mit der Kata Heian Godan den dritten Platz gemacht. Wir gratulieren allen Gewinner ganz herzlich zum Erfolg und bedanken uns bei allen Teilnehmer\/innen f\u00fcr die gezeigten, sehr guten Leistungen.<\/p>\n\n\t\t<div class=\"wppdfemb-frame-container-1\" style=\"-webkit-overflow-scrolling:auto;\">\n\t\t\t<iframe class=\"pdfembed-iframe nonfullscreen wppdf-emb-iframe-1\"\n\t\t\t\tsrc=\"https:\/\/www.karatecham.ch\/shotokan_karate_schule_cham_zug\/?pdfemb-data=eyJ1cmwiOiJodHRwczpcL1wvd3d3LmthcmF0ZWNoYW0uY2hcL3Nob3Rva2FuX2thcmF0ZV9zY2h1bGVfY2hhbV96dWdcL3dwLWNvbnRlbnRcL3VwbG9hZHNcLzIwMThcLzExXC9HZXNhbXRyYW5nbGlzdGVuMS5wZGYiLCJpbmRleCI6MSwicGRmSUQiOjMwMTMzfQ\"\n\t\t\t\t\t\t\t\tdata-pdf-id=\"30133\"\n\t\t\t\tdata-pdf-index=\"1\"\n\t\t\t\tstyle=\"border:none;width:100%;max-width:100%;height:100vh;\"\n\t\t\t\tscrolling=\"yes\">\n\t\t\t<\/iframe>\n\t\t<\/div>\n\n\t\t\n","protected":false},"excerpt":{"rendered":"<p>Das von der Karateschule R\u00fcthi organisierte diesj\u00e4hrige JKS Verbandsturnier war ein voller Erfolg. Die Wettk\u00e4mpfe in der Turnhalle Zil in Sennwald (SG) in der Kategorien Kata, Team-Kata und Kumite waren auf einem sehr guten Niveau und spannend f\u00fcr alle Zuschauer. F\u00fcr die TAIHO-BUKAN Karateschule haben Filip Gasztych (Kat. 1) zwei Medaillen, Ema Grbavac (Kat.1) eine  [&#8230;]<\/p>\n","protected":false},"author":2,"featured_media":30121,"comment_status":"open","ping_status":"open","sticky":false,"template":"","format":"standard","meta":{"footnotes":""},"categories":[47],"tags":[97,75,96],"class_list":["post-30106","post","type-post","status-publish","format-standard","has-post-thumbnail","hentry","category-turnier","tag-97","tag-jks","tag-verbandsturnier"],"_links":{"self":[{"href":"https:\/\/www.karatecham.ch\/shotokan_karate_schule_cham_zug\/wp-json\/wp\/v2\/posts\/30106","targetHints":{"allow":["GET"]}}],"collection":[{"href":"https:\/\/www.karatecham.ch\/shotokan_karate_schule_cham_zug\/wp-json\/wp\/v2\/posts"}],"about":[{"href":"https:\/\/www.karatecham.ch\/shotokan_karate_schule_cham_zug\/wp-json\/wp\/v2\/types\/post"}],"author":[{"embeddable":true,"href":"https:\/\/www.karatecham.ch\/shotokan_karate_schule_cham_zug\/wp-json\/wp\/v2\/users\/2"}],"replies":[{"embeddable":true,"href":"https:\/\/www.karatecham.ch\/shotokan_karate_schule_cham_zug\/wp-json\/wp\/v2\/comments?post=30106"}],"version-history":[{"count":2,"href":"https:\/\/www.karatecham.ch\/shotokan_karate_schule_cham_zug\/wp-json\/wp\/v2\/posts\/30106\/revisions"}],"predecessor-version":[{"id":30134,"href":"https:\/\/www.karatecham.ch\/shotokan_karate_schule_cham_zug\/wp-json\/wp\/v2\/posts\/30106\/revisions\/30134"}],"wp:featuredmedia":[{"embeddable":true,"href":"https:\/\/www.karatecham.ch\/shotokan_karate_schule_cham_zug\/wp-json\/wp\/v2\/media\/30121"}],"wp:attachment":[{"href":"https:\/\/www.karatecham.ch\/shotokan_karate_schule_cham_zug\/wp-json\/wp\/v2\/media?parent=30106"}],"wp:term":[{"taxonomy":"category","embeddable":true,"href":"https:\/\/www.karatecham.ch\/shotokan_karate_schule_cham_zug\/wp-json\/wp\/v2\/categories?post=30106"},{"taxonomy":"post_tag","embeddable":true,"href":"https:\/\/www.karatecham.ch\/shotokan_karate_schule_cham_zug\/wp-json\/wp\/v2\/tags?post=30106"}],"curies":[{"name":"wp","href":"https:\/\/api.w.org\/{rel}","templated":true}]}}